{"id":159,"date":"2025-01-17T14:12:03","date_gmt":"2025-01-17T14:12:03","guid":{"rendered":"https:\/\/dinamicasgrupales.com.ar\/blog\/?p=159"},"modified":"2025-01-17T14:12:05","modified_gmt":"2025-01-17T14:12:05","slug":"el-elogio-puede-generar-sentimientos-positivos","status":"publish","type":"post","link":"https:\/\/dinamicasgrupales.com.ar\/blog\/el-elogio-puede-generar-sentimientos-positivos\/","title":{"rendered":"El elogio puede generar sentimientos positivos"},"content":{"rendered":"\n<h2 class=\"wp-block-heading\">El elogio puede generar sentimientos positivos y mejorar la autoestima<\/h2>\n\n\n\n<p><strong>El elogio puede generar sentimientos positivos, aumentar la autoestima y fomentar el reconocimiento de las fortalezas individuales y del grupo. Al reconocer y valorar las cualidades de los dem\u00e1s, se crea un ambiente de respeto y aprecio, lo que puede mejorar la cohesi\u00f3n y la comunicaci\u00f3n dentro del grupo.<\/strong><\/p>\n\n\n\n<p>El ejercicio grupal &#8220;<a href=\"https:\/\/dinamicasgrupales.com.ar\/dinamicas\/autoconocimiento-y-autoestima\/dinamica-el-prestamo\/\">El Pr\u00e9stamo<\/a>&#8221; est\u00e1 dise\u00f1ado para fomentar el\u00a0<strong>autoconocimiento y la autoestima<\/strong>. Los participantes identifican y\u00a0<strong>comparten cualidades positivas<\/strong>\u00a0de sus compa\u00f1eros y compa\u00f1eras a trav\u00e9s de &#8220;un pr\u00e9stamo&#8221;, promoviendo el\u00a0<strong>reconocimiento mutuo y el refuerzo positivo<\/strong>. <\/p>\n\n\n\n<p>El objetivo principal de este ejercicio grupal es <strong>fomentar el reconocimiento y la valoraci\u00f3n de las cualidades positivas de los dem\u00e1s dentro de un grupo<\/strong>. Esto se logra a trav\u00e9s de un ejercicio donde los participantes identifican y &#8220;piden prestado&#8221; caracter\u00edsticas positivas de sus compa\u00f1eros, como el optimismo, la solidaridad, la capacidad de organizaci\u00f3n o la habilidad para redactar de forma clara.<\/p>\n\n\n\n<p>La actividad se complementa con\u00a0<strong>observaciones para el tallerista<\/strong>\u00a0que facilita la reflexi\u00f3n posterior.<\/p>\n\n\n\n<h4 class=\"wp-block-heading\">\u00bfQu\u00e9 impacto tiene el elogio en las relaciones interpersonales?<\/h4>\n\n\n\n<p><strong>Elogiar o recibir elogios es inusual, a pesar de la diversidad de cualidades y capacidades presentes en un grupo<\/strong>. La din\u00e1mica busca que los participantes reconozcan y expresen las caracter\u00edsticas positivas de los dem\u00e1s. Al pedir <em>prestada<\/em> una cualidad o capacidad, se reconoce y valora al otro, lo que puede fortalecer las relaciones interpersonales.<\/p>\n\n\n\n<p>Al finalizar la actividad, se proponen las siguientes preguntas disparadoras para reflexionar sobre el impacto del elogio:<\/p>\n\n\n\n<ul class=\"wp-block-list\">\n<li>\u00bfC\u00f3mo se sienten con los pedidos recibidos?<\/li>\n\n\n\n<li>\u00bfCreen poseer esa capacidad o cualidad?<\/li>\n\n\n\n<li>\u00bfLes result\u00f3 dif\u00edcil identificar una caracter\u00edstica positiva en sus compa\u00f1eros y compa\u00f1eras?<\/li>\n\n\n\n<li>\u00bfQu\u00e9 sintieron cuando otro les pidi\u00f3 un pr\u00e9stamo?<\/li>\n\n\n\n<li>\u00bfLes gusta recibir elogios? \u00bfPor qu\u00e9? \u00bfLes hace bien?<\/li>\n<\/ul>\n\n\n\n<h4 class=\"wp-block-heading\">\u00bfQu\u00e9 temas se pueden abordar?<\/h4>\n\n\n\n<p>La din\u00e1mica &#8220;El Pr\u00e9stamo&#8221; se centra en trabajar <strong>cualidades y capacidades<\/strong> dentro de un grupo. El objetivo principal es que los participantes reconozcan y valoren las caracter\u00edsticas positivas de los dem\u00e1s.<\/p>\n\n\n\n<p>Algunos de los temas espec\u00edficos que se pueden abordar son:<\/p>\n\n\n\n<p><strong>Autoconocimiento:<\/strong> Al identificar las cualidades que desean que les &#8220;presten&#8221; sus compa\u00f1eros o compa\u00f1eras, los participantes reflexionan sobre sus propias fortalezas y \u00e1reas de mejora.<\/p>\n\n\n\n<p><strong>Autoestima:<\/strong> Recibir &#8220;pr\u00e9stamos&#8221; de cualidades positivas puede ayudar a los participantes a sentirse valorados y apreciados por sus compa\u00f1eros y compa\u00f1eras.<\/p>\n\n\n\n<p><strong>Reconocimiento del otro:<\/strong> Al centrarse en las caracter\u00edsticas positivas de los dem\u00e1s, se fomenta un ambiente de respeto y apreciaci\u00f3n dentro del grupo.<\/p>\n\n\n\n<p><strong>Comunicaci\u00f3n positiva:<\/strong> La din\u00e1mica promueve la expresi\u00f3n de elogios y el reconocimiento de las fortalezas de los dem\u00e1s.<\/p>\n\n\n\n<p><strong>Cohesi\u00f3n grupal:<\/strong> Al compartir y valorar las cualidades positivas, se fortalece el sentido de pertenencia y la uni\u00f3n del grupo.<\/p>\n\n\n\n<p>Adem\u00e1s de estos temas principales, la actividad tambi\u00e9n puede generar reflexiones sobre la importancia de la colaboraci\u00f3n, la diversidad de talentos dentro de un grupo y la posibilidad de aprender de las fortalezas de los dem\u00e1s.<\/p>\n\n\n\n<p><strong>En Resumen, es una din\u00e1mica efectiva para promover relaciones interpersonales positivas, basadas en el reconocimiento y la valoraci\u00f3n de las cualidades de cada individuo dentro del grupo<\/strong>.<\/p>\n\n\n\n<p><\/p>\n","protected":false},"excerpt":{"rendered":"<p>El elogio puede generar sentimientos positivos, aumentar la autoestima y fomentar el reconocimiento de las fortalezas individuales y del grupo. Al reconocer y valorar las cualidades de los dem\u00e1s, se crea un ambiente de respeto y aprecio, lo que puede mejorar la cohesi\u00f3n y la comunicaci\u00f3n dentro del grupo.<span class=\"more-link\"><a href=\"https:\/\/dinamicasgrupales.com.ar\/blog\/el-elogio-puede-generar-sentimientos-positivos\/\">Ir al Art\u00edculo<\/a><\/span><\/p>\n","protected":false},"author":1,"featured_media":160,"comment_status":"open","ping_status":"open","sticky":false,"template":"","format":"standard","meta":{"footnotes":""},"categories":[5,4],"tags":[32,33,35,34],"class_list":["entry","author-mdonato","has-excerpt","post-159","post","type-post","status-publish","format-standard","has-post-thumbnail","category-autoconocimiento-emocional","category-autoconocimiento-personal","tag-autoconocimiento","tag-integracion-grupal","tag-interaccion-social","tag-reconocimiento-personal"],"yoast_head":"<!-- This site is optimized with the Yoast SEO plugin v24.3 - https:\/\/yoast.com\/wordpress\/plugins\/seo\/ -->\n<title>El elogio puede generar sentimientos positivos - Dinamicas Grupales Blog<\/title>\n<meta name=\"description\" content=\"El elogio puede generar sentimientos positivos, aumentar la autoestima y fomentar el reconocimiento de fortalezas individuales y del grupo\" \/>\n<meta name=\"robots\" content=\"index, follow, max-snippet:-1, max-image-preview:large, max-video-preview:-1\" \/>\n<link rel=\"canonical\" href=\"https:\/\/dinamicasgrupales.com.ar\/blog\/el-elogio-puede-generar-sentimientos-positivos\/\" \/>\n<meta property=\"og:locale\" content=\"es_ES\" \/>\n<meta property=\"og:type\" content=\"article\" \/>\n<meta property=\"og:title\" content=\"El elogio puede generar sentimientos positivos - Dinamicas Grupales Blog\" \/>\n<meta property=\"og:description\" content=\"El elogio puede generar sentimientos positivos, aumentar la autoestima y fomentar el reconocimiento de fortalezas individuales y del grupo\" \/>\n<meta property=\"og:url\" content=\"https:\/\/dinamicasgrupales.com.ar\/blog\/el-elogio-puede-generar-sentimientos-positivos\/\" \/>\n<meta property=\"og:site_name\" content=\"Dinamicas Grupales Blog\" \/>\n<meta property=\"article:published_time\" content=\"2025-01-17T14:12:03+00:00\" \/>\n<meta property=\"article:modified_time\" content=\"2025-01-17T14:12:05+00:00\" \/>\n<meta property=\"og:image\" content=\"https:\/\/dinamicasgrupales.com.ar\/blog\/wp-content\/uploads\/2025\/01\/El-elogio-puede-generar-sentimientos-positivos.png\" \/>\n\t<meta property=\"og:image:width\" content=\"920\" \/>\n\t<meta property=\"og:image:height\" content=\"425\" \/>\n\t<meta property=\"og:image:type\" content=\"image\/png\" \/>\n<meta name=\"author\" content=\"mdonato\" \/>\n<meta name=\"twitter:card\" content=\"summary_large_image\" \/>\n<meta name=\"twitter:label1\" content=\"Escrito por\" \/>\n\t<meta name=\"twitter:data1\" content=\"mdonato\" \/>\n\t<meta name=\"twitter:label2\" content=\"Tiempo de lectura\" \/>\n\t<meta name=\"twitter:data2\" content=\"3 minutos\" \/>\n<script type=\"application\/ld+json\" class=\"yoast-schema-graph\">{\"@context\":\"https:\/\/schema.org\",\"@graph\":[{\"@type\":\"WebPage\",\"@id\":\"https:\/\/dinamicasgrupales.com.ar\/blog\/el-elogio-puede-generar-sentimientos-positivos\/\",\"url\":\"https:\/\/dinamicasgrupales.com.ar\/blog\/el-elogio-puede-generar-sentimientos-positivos\/\",\"name\":\"El elogio puede generar sentimientos positivos - Dinamicas Grupales Blog\",\"isPartOf\":{\"@id\":\"https:\/\/dinamicasgrupales.com.ar\/blog\/#website\"},\"primaryImageOfPage\":{\"@id\":\"https:\/\/dinamicasgrupales.com.ar\/blog\/el-elogio-puede-generar-sentimientos-positivos\/#primaryimage\"},\"image\":{\"@id\":\"https:\/\/dinamicasgrupales.com.ar\/blog\/el-elogio-puede-generar-sentimientos-positivos\/#primaryimage\"},\"thumbnailUrl\":\"https:\/\/dinamicasgrupales.com.ar\/blog\/wp-content\/uploads\/2025\/01\/El-elogio-puede-generar-sentimientos-positivos.png\",\"datePublished\":\"2025-01-17T14:12:03+00:00\",\"dateModified\":\"2025-01-17T14:12:05+00:00\",\"author\":{\"@id\":\"https:\/\/dinamicasgrupales.com.ar\/blog\/#\/schema\/person\/50bad206d9c3e2265c9b997c2875acce\"},\"description\":\"El elogio puede generar sentimientos positivos, aumentar la autoestima y fomentar el reconocimiento de fortalezas individuales y del grupo\",\"breadcrumb\":{\"@id\":\"https:\/\/dinamicasgrupales.com.ar\/blog\/el-elogio-puede-generar-sentimientos-positivos\/#breadcrumb\"},\"inLanguage\":\"es-AR\",\"potentialAction\":[{\"@type\":\"ReadAction\",\"target\":[\"https:\/\/dinamicasgrupales.com.ar\/blog\/el-elogio-puede-generar-sentimientos-positivos\/\"]}]},{\"@type\":\"ImageObject\",\"inLanguage\":\"es-AR\",\"@id\":\"https:\/\/dinamicasgrupales.com.ar\/blog\/el-elogio-puede-generar-sentimientos-positivos\/#primaryimage\",\"url\":\"https:\/\/dinamicasgrupales.com.ar\/blog\/wp-content\/uploads\/2025\/01\/El-elogio-puede-generar-sentimientos-positivos.png\",\"contentUrl\":\"https:\/\/dinamicasgrupales.com.ar\/blog\/wp-content\/uploads\/2025\/01\/El-elogio-puede-generar-sentimientos-positivos.png\",\"width\":920,\"height\":425,\"caption\":\"El elogio puede generar sentimientos positivos\"},{\"@type\":\"BreadcrumbList\",\"@id\":\"https:\/\/dinamicasgrupales.com.ar\/blog\/el-elogio-puede-generar-sentimientos-positivos\/#breadcrumb\",\"itemListElement\":[{\"@type\":\"ListItem\",\"position\":1,\"name\":\"Inicio\",\"item\":\"https:\/\/dinamicasgrupales.com.ar\/blog\/\"},{\"@type\":\"ListItem\",\"position\":2,\"name\":\"El elogio puede generar sentimientos positivos\"}]},{\"@type\":\"WebSite\",\"@id\":\"https:\/\/dinamicasgrupales.com.ar\/blog\/#website\",\"url\":\"https:\/\/dinamicasgrupales.com.ar\/blog\/\",\"name\":\"Dinamicas Grupales Blog\",\"description\":\"LA REVISTA DE DIN\u00c1MICAS GRUPALES\",\"potentialAction\":[{\"@type\":\"SearchAction\",\"target\":{\"@type\":\"EntryPoint\",\"urlTemplate\":\"https:\/\/dinamicasgrupales.com.ar\/blog\/?s={search_term_string}\"},\"query-input\":{\"@type\":\"PropertyValueSpecification\",\"valueRequired\":true,\"valueName\":\"search_term_string\"}}],\"inLanguage\":\"es-AR\"},{\"@type\":\"Person\",\"@id\":\"https:\/\/dinamicasgrupales.com.ar\/blog\/#\/schema\/person\/50bad206d9c3e2265c9b997c2875acce\",\"name\":\"mdonato\",\"image\":{\"@type\":\"ImageObject\",\"inLanguage\":\"es-AR\",\"@id\":\"https:\/\/dinamicasgrupales.com.ar\/blog\/#\/schema\/person\/image\/\",\"url\":\"https:\/\/secure.gravatar.com\/avatar\/35579125e6799d61286d3397babe45eb?s=96&d=mm&r=g\",\"contentUrl\":\"https:\/\/secure.gravatar.com\/avatar\/35579125e6799d61286d3397babe45eb?s=96&d=mm&r=g\",\"caption\":\"mdonato\"},\"sameAs\":[\"https:\/\/dinamicasgrupales.com.ar\/blog\"],\"url\":\"https:\/\/dinamicasgrupales.com.ar\/blog\/author\/mdonato\/\"}]}<\/script>\n<!-- \/ Yoast SEO plugin. -->","yoast_head_json":{"title":"El elogio puede generar sentimientos positivos - Dinamicas Grupales Blog","description":"El elogio puede generar sentimientos positivos, aumentar la autoestima y fomentar el reconocimiento de fortalezas individuales y del grupo","robots":{"index":"index","follow":"follow","max-snippet":"max-snippet:-1","max-image-preview":"max-image-preview:large","max-video-preview":"max-video-preview:-1"},"canonical":"https:\/\/dinamicasgrupales.com.ar\/blog\/el-elogio-puede-generar-sentimientos-positivos\/","og_locale":"es_ES","og_type":"article","og_title":"El elogio puede generar sentimientos positivos - Dinamicas Grupales Blog","og_description":"El elogio puede generar sentimientos positivos, aumentar la autoestima y fomentar el reconocimiento de fortalezas individuales y del grupo","og_url":"https:\/\/dinamicasgrupales.com.ar\/blog\/el-elogio-puede-generar-sentimientos-positivos\/","og_site_name":"Dinamicas Grupales Blog","article_published_time":"2025-01-17T14:12:03+00:00","article_modified_time":"2025-01-17T14:12:05+00:00","og_image":[{"width":920,"height":425,"url":"https:\/\/dinamicasgrupales.com.ar\/blog\/wp-content\/uploads\/2025\/01\/El-elogio-puede-generar-sentimientos-positivos.png","type":"image\/png"}],"author":"mdonato","twitter_card":"summary_large_image","twitter_misc":{"Escrito por":"mdonato","Tiempo de lectura":"3 minutos"},"schema":{"@context":"https:\/\/schema.org","@graph":[{"@type":"WebPage","@id":"https:\/\/dinamicasgrupales.com.ar\/blog\/el-elogio-puede-generar-sentimientos-positivos\/","url":"https:\/\/dinamicasgrupales.com.ar\/blog\/el-elogio-puede-generar-sentimientos-positivos\/","name":"El elogio puede generar sentimientos positivos - Dinamicas Grupales Blog","isPartOf":{"@id":"https:\/\/dinamicasgrupales.com.ar\/blog\/#website"},"primaryImageOfPage":{"@id":"https:\/\/dinamicasgrupales.com.ar\/blog\/el-elogio-puede-generar-sentimientos-positivos\/#primaryimage"},"image":{"@id":"https:\/\/dinamicasgrupales.com.ar\/blog\/el-elogio-puede-generar-sentimientos-positivos\/#primaryimage"},"thumbnailUrl":"https:\/\/dinamicasgrupales.com.ar\/blog\/wp-content\/uploads\/2025\/01\/El-elogio-puede-generar-sentimientos-positivos.png","datePublished":"2025-01-17T14:12:03+00:00","dateModified":"2025-01-17T14:12:05+00:00","author":{"@id":"https:\/\/dinamicasgrupales.com.ar\/blog\/#\/schema\/person\/50bad206d9c3e2265c9b997c2875acce"},"description":"El elogio puede generar sentimientos positivos, aumentar la autoestima y fomentar el reconocimiento de fortalezas individuales y del grupo","breadcrumb":{"@id":"https:\/\/dinamicasgrupales.com.ar\/blog\/el-elogio-puede-generar-sentimientos-positivos\/#breadcrumb"},"inLanguage":"es-AR","potentialAction":[{"@type":"ReadAction","target":["https:\/\/dinamicasgrupales.com.ar\/blog\/el-elogio-puede-generar-sentimientos-positivos\/"]}]},{"@type":"ImageObject","inLanguage":"es-AR","@id":"https:\/\/dinamicasgrupales.com.ar\/blog\/el-elogio-puede-generar-sentimientos-positivos\/#primaryimage","url":"https:\/\/dinamicasgrupales.com.ar\/blog\/wp-content\/uploads\/2025\/01\/El-elogio-puede-generar-sentimientos-positivos.png","contentUrl":"https:\/\/dinamicasgrupales.com.ar\/blog\/wp-content\/uploads\/2025\/01\/El-elogio-puede-generar-sentimientos-positivos.png","width":920,"height":425,"caption":"El elogio puede generar sentimientos positivos"},{"@type":"BreadcrumbList","@id":"https:\/\/dinamicasgrupales.com.ar\/blog\/el-elogio-puede-generar-sentimientos-positivos\/#breadcrumb","itemListElement":[{"@type":"ListItem","position":1,"name":"Inicio","item":"https:\/\/dinamicasgrupales.com.ar\/blog\/"},{"@type":"ListItem","position":2,"name":"El elogio puede generar sentimientos positivos"}]},{"@type":"WebSite","@id":"https:\/\/dinamicasgrupales.com.ar\/blog\/#website","url":"https:\/\/dinamicasgrupales.com.ar\/blog\/","name":"Dinamicas Grupales Blog","description":"LA REVISTA DE DIN\u00c1MICAS GRUPALES","potentialAction":[{"@type":"SearchAction","target":{"@type":"EntryPoint","urlTemplate":"https:\/\/dinamicasgrupales.com.ar\/blog\/?s={search_term_string}"},"query-input":{"@type":"PropertyValueSpecification","valueRequired":true,"valueName":"search_term_string"}}],"inLanguage":"es-AR"},{"@type":"Person","@id":"https:\/\/dinamicasgrupales.com.ar\/blog\/#\/schema\/person\/50bad206d9c3e2265c9b997c2875acce","name":"mdonato","image":{"@type":"ImageObject","inLanguage":"es-AR","@id":"https:\/\/dinamicasgrupales.com.ar\/blog\/#\/schema\/person\/image\/","url":"https:\/\/secure.gravatar.com\/avatar\/35579125e6799d61286d3397babe45eb?s=96&d=mm&r=g","contentUrl":"https:\/\/secure.gravatar.com\/avatar\/35579125e6799d61286d3397babe45eb?s=96&d=mm&r=g","caption":"mdonato"},"sameAs":["https:\/\/dinamicasgrupales.com.ar\/blog"],"url":"https:\/\/dinamicasgrupales.com.ar\/blog\/author\/mdonato\/"}]}},"_links":{"self":[{"href":"https:\/\/dinamicasgrupales.com.ar\/blog\/wp-json\/wp\/v2\/posts\/159","targetHints":{"allow":["GET"]}}],"collection":[{"href":"https:\/\/dinamicasgrupales.com.ar\/blog\/wp-json\/wp\/v2\/posts"}],"about":[{"href":"https:\/\/dinamicasgrupales.com.ar\/blog\/wp-json\/wp\/v2\/types\/post"}],"author":[{"embeddable":true,"href":"https:\/\/dinamicasgrupales.com.ar\/blog\/wp-json\/wp\/v2\/users\/1"}],"replies":[{"embeddable":true,"href":"https:\/\/dinamicasgrupales.com.ar\/blog\/wp-json\/wp\/v2\/comments?post=159"}],"version-history":[{"count":1,"href":"https:\/\/dinamicasgrupales.com.ar\/blog\/wp-json\/wp\/v2\/posts\/159\/revisions"}],"predecessor-version":[{"id":161,"href":"https:\/\/dinamicasgrupales.com.ar\/blog\/wp-json\/wp\/v2\/posts\/159\/revisions\/161"}],"wp:featuredmedia":[{"embeddable":true,"href":"https:\/\/dinamicasgrupales.com.ar\/blog\/wp-json\/wp\/v2\/media\/160"}],"wp:attachment":[{"href":"https:\/\/dinamicasgrupales.com.ar\/blog\/wp-json\/wp\/v2\/media?parent=159"}],"wp:term":[{"taxonomy":"category","embeddable":true,"href":"https:\/\/dinamicasgrupales.com.ar\/blog\/wp-json\/wp\/v2\/categories?post=159"},{"taxonomy":"post_tag","embeddable":true,"href":"https:\/\/dinamicasgrupales.com.ar\/blog\/wp-json\/wp\/v2\/tags?post=159"}],"curies":[{"name":"wp","href":"https:\/\/api.w.org\/{rel}","templated":true}]}}