{"id":154,"date":"2025-01-06T15:31:11","date_gmt":"2025-01-06T15:31:11","guid":{"rendered":"https:\/\/dinamicasgrupales.com.ar\/blog\/?p=154"},"modified":"2025-01-06T15:32:26","modified_gmt":"2025-01-06T15:32:26","slug":"las-acciones-individuales-impactan-en-la-vida-de-los-equipos","status":"publish","type":"post","link":"https:\/\/dinamicasgrupales.com.ar\/blog\/las-acciones-individuales-impactan-en-la-vida-de-los-equipos\/","title":{"rendered":"Las acciones individuales impactan en la vida de los equipos"},"content":{"rendered":"\n<h2 class=\"wp-block-heading\">Experimentar como las acciones individuales impactan en la vida de los equipos<\/h2>\n\n\n\n<p><strong>Existen diferentes actividades grupales que nos permiten analizar y reflexionar acerca de como las acciones individuales impactan en la vida de los equipos. Para alcanzar los mejores resultados es necesario mejorar el trabajo en equipo\u00a0y tener conciencia del impacto de las acciones individuales en el grupo.<\/strong><\/p>\n\n\n\n<p>La din\u00e1mica &#8220;<a href=\"https:\/\/dinamicasgrupales.com.ar\/dinamicas\/trabajo-en-equipo\/dinamica-ordenar-el-desorden\/\">Ordenar el Desorden<\/a>&#8220;, est\u00e1 dise\u00f1ada para promover el trabajo en equipo, la colaboraci\u00f3n, la cooperaci\u00f3n y la responsabilidad. Adem\u00e1s ilustra c\u00f3mo la organizaci\u00f3n grupal impacta la resoluci\u00f3n de problemas.<\/p>\n\n\n\n<p>La actividad involucra anudar y desanudar cuerdas en equipos,\u00a0<strong>simbolizando el caos y la colaboraci\u00f3n<\/strong>. Se busca fomentar la\u00a0<strong>reflexi\u00f3n sobre la organizaci\u00f3n, la comunicaci\u00f3n y la responsabilidad<\/strong>\u00a0individual y grupal a trav\u00e9s de un an\u00e1lisis posterior a la actividad.<\/p>\n\n\n\n<h4 class=\"wp-block-heading\">Impacto de las acciones individuales<\/h4>\n\n\n\n<p>El ejercicio, en el que los equipos anudan y desanudan cuerdas, permite visualizar c\u00f3mo la din\u00e1mica de un grupo puede afectar a otros dentro de una organizaci\u00f3n. Durante la reflexi\u00f3n posterior a la din\u00e1mica, se plantean preguntas que dirigen la atenci\u00f3n hacia el impacto de las acciones individuales:<\/p>\n\n\n\n<ul class=\"wp-block-list\">\n<li><strong>&#8220;\u00bfQu\u00e9 pasa cuando un grupo de la organizaci\u00f3n no trabaja de manera prolija?&#8221;<\/strong> Esta pregunta invita a reflexionar sobre c\u00f3mo la falta de cuidado o prolijidad de un individuo puede afectar el trabajo del equipo en su conjunto.<\/li>\n\n\n\n<li><strong>&#8220;\u00bfQu\u00e9 pasa cuando alguien del mismo grupo no se compromete con la tarea?&#8221;<\/strong> Aqu\u00ed se enfatiza c\u00f3mo la falta de compromiso individual puede perjudicar el \u00e9xito del grupo.<\/li>\n\n\n\n<li><strong>&#8220;\u00bfTodos siempre se comprometieron o creyeron no estar trabajando de manera desordenada?&#8221;<\/strong> Esta pregunta lleva a analizar la percepci\u00f3n individual versus la realidad del trabajo en equipo, y c\u00f3mo las acciones individuales, aunque parezcan insignificantes, pueden contribuir al desorden general.<\/li>\n<\/ul>\n\n\n\n<h4 class=\"wp-block-heading\">La organizaci\u00f3n grupal y la resoluci\u00f3n de problemas<\/h4>\n\n\n\n<p>La actividad consiste en que varios equipos anuden cuerdas y luego intercambien lugares para desanudar las cuerdas del otro equipo. <strong>Los equipos que no logran desanudar las cuerdas suelen atribuirlo a la complejidad de los nudos o a su propia falta de organizaci\u00f3n.<\/strong><\/p>\n\n\n\n<p>Si un grupo no trabaja de forma ordenada, afecta negativamente al resultado final. Durante la reflexi\u00f3n, se analiza por qu\u00e9 algunos grupos tuvieron \u00e9xito y otros no. Se plantean preguntas que invitan a los participantes a considerar:<\/p>\n\n\n\n<ul class=\"wp-block-list\">\n<li><strong>La importancia de la prolijidad en el trabajo en equipo.<\/strong><\/li>\n\n\n\n<li><strong>El impacto del compromiso individual en la tarea grupal.<\/strong><\/li>\n\n\n\n<li><strong>La influencia del liderazgo y la comunicaci\u00f3n en la organizaci\u00f3n del grupo.<\/strong><\/li>\n\n\n\n<li><strong>C\u00f3mo el desorden dificulta el trabajo en equipo.<\/strong><\/li>\n<\/ul>\n\n\n\n<p>En resumen, la din\u00e1mica &#8220;Ordenar el Desorden&#8221; demuestra que <strong>las acciones individuales, ya sean positivas o negativas, tienen un impacto directo en el funcionamiento y los resultados de un equipo<\/strong>. Tambi\u00e9n evidencia que<strong> una buena organizaci\u00f3n grupal, con roles definidos, comunicaci\u00f3n clara y un enfoque ordenado, facilita la resoluci\u00f3n de problemas<\/strong>. Por otro lado, la falta de organizaci\u00f3n, la comunicaci\u00f3n deficiente y la falta de compromiso individual pueden obstaculizar la resoluci\u00f3n exitosa de problemas.<\/p>\n\n\n\n<p><\/p>\n","protected":false},"excerpt":{"rendered":"<p>Existen diferentes actividades grupales que nos permiten analizar y reflexionar acerca de como las acciones individuales impactan en la vida de los equipos. Para alcanzar los mejores resultados es necesario mejorar el trabajo en equipo\u00a0y tener conciencia del impacto de las acciones individuales en el grupo.<span class=\"more-link\"><a href=\"https:\/\/dinamicasgrupales.com.ar\/blog\/las-acciones-individuales-impactan-en-la-vida-de-los-equipos\/\">Ir al Art\u00edculo<\/a><\/span><\/p>\n","protected":false},"author":1,"featured_media":155,"comment_status":"open","ping_status":"open","sticky":false,"template":"","format":"standard","meta":{"footnotes":""},"categories":[7,3],"tags":[33,17],"class_list":["entry","author-mdonato","has-excerpt","post-154","post","type-post","status-publish","format-standard","has-post-thumbnail","category-aprendizaje","category-trabajo-en-equipo","tag-integracion-grupal","tag-trabajo-en-equipo"],"yoast_head":"<!-- This site is optimized with the Yoast SEO plugin v24.3 - https:\/\/yoast.com\/wordpress\/plugins\/seo\/ -->\n<title>Las acciones individuales impactan en la vida de los equipos - Dinamicas Grupales Blog<\/title>\n<meta name=\"description\" content=\"Diferentes actividades nos permiten analizar y reflexionar acerca de como las acciones individuales impactan en la vida de los equipos\" \/>\n<meta name=\"robots\" content=\"index, follow, max-snippet:-1, max-image-preview:large, max-video-preview:-1\" \/>\n<link rel=\"canonical\" href=\"https:\/\/dinamicasgrupales.com.ar\/blog\/las-acciones-individuales-impactan-en-la-vida-de-los-equipos\/\" \/>\n<meta property=\"og:locale\" content=\"es_ES\" \/>\n<meta property=\"og:type\" content=\"article\" \/>\n<meta property=\"og:title\" content=\"Las acciones individuales impactan en la vida de los equipos - Dinamicas Grupales Blog\" \/>\n<meta property=\"og:description\" content=\"Diferentes actividades nos permiten analizar y reflexionar acerca de como las acciones individuales impactan en la vida de los equipos\" \/>\n<meta property=\"og:url\" content=\"https:\/\/dinamicasgrupales.com.ar\/blog\/las-acciones-individuales-impactan-en-la-vida-de-los-equipos\/\" \/>\n<meta property=\"og:site_name\" content=\"Dinamicas Grupales Blog\" \/>\n<meta property=\"article:published_time\" content=\"2025-01-06T15:31:11+00:00\" \/>\n<meta property=\"article:modified_time\" content=\"2025-01-06T15:32:26+00:00\" \/>\n<meta property=\"og:image\" content=\"https:\/\/dinamicasgrupales.com.ar\/blog\/wp-content\/uploads\/2025\/01\/Las-acciones-individuales-impactan-en-la-vida-de-los-equipos.jpg\" \/>\n\t<meta property=\"og:image:width\" content=\"920\" \/>\n\t<meta property=\"og:image:height\" content=\"425\" \/>\n\t<meta property=\"og:image:type\" content=\"image\/jpeg\" \/>\n<meta name=\"author\" content=\"mdonato\" \/>\n<meta name=\"twitter:card\" content=\"summary_large_image\" \/>\n<meta name=\"twitter:label1\" content=\"Escrito por\" \/>\n\t<meta name=\"twitter:data1\" content=\"mdonato\" \/>\n\t<meta name=\"twitter:label2\" content=\"Tiempo de lectura\" \/>\n\t<meta name=\"twitter:data2\" content=\"3 minutos\" \/>\n<script type=\"application\/ld+json\" class=\"yoast-schema-graph\">{\"@context\":\"https:\/\/schema.org\",\"@graph\":[{\"@type\":\"WebPage\",\"@id\":\"https:\/\/dinamicasgrupales.com.ar\/blog\/las-acciones-individuales-impactan-en-la-vida-de-los-equipos\/\",\"url\":\"https:\/\/dinamicasgrupales.com.ar\/blog\/las-acciones-individuales-impactan-en-la-vida-de-los-equipos\/\",\"name\":\"Las acciones individuales impactan en la vida de los equipos - Dinamicas Grupales Blog\",\"isPartOf\":{\"@id\":\"https:\/\/dinamicasgrupales.com.ar\/blog\/#website\"},\"primaryImageOfPage\":{\"@id\":\"https:\/\/dinamicasgrupales.com.ar\/blog\/las-acciones-individuales-impactan-en-la-vida-de-los-equipos\/#primaryimage\"},\"image\":{\"@id\":\"https:\/\/dinamicasgrupales.com.ar\/blog\/las-acciones-individuales-impactan-en-la-vida-de-los-equipos\/#primaryimage\"},\"thumbnailUrl\":\"https:\/\/dinamicasgrupales.com.ar\/blog\/wp-content\/uploads\/2025\/01\/Las-acciones-individuales-impactan-en-la-vida-de-los-equipos.jpg\",\"datePublished\":\"2025-01-06T15:31:11+00:00\",\"dateModified\":\"2025-01-06T15:32:26+00:00\",\"author\":{\"@id\":\"https:\/\/dinamicasgrupales.com.ar\/blog\/#\/schema\/person\/50bad206d9c3e2265c9b997c2875acce\"},\"description\":\"Diferentes actividades nos permiten analizar y reflexionar acerca de como las acciones individuales impactan en la vida de los equipos\",\"breadcrumb\":{\"@id\":\"https:\/\/dinamicasgrupales.com.ar\/blog\/las-acciones-individuales-impactan-en-la-vida-de-los-equipos\/#breadcrumb\"},\"inLanguage\":\"es-AR\",\"potentialAction\":[{\"@type\":\"ReadAction\",\"target\":[\"https:\/\/dinamicasgrupales.com.ar\/blog\/las-acciones-individuales-impactan-en-la-vida-de-los-equipos\/\"]}]},{\"@type\":\"ImageObject\",\"inLanguage\":\"es-AR\",\"@id\":\"https:\/\/dinamicasgrupales.com.ar\/blog\/las-acciones-individuales-impactan-en-la-vida-de-los-equipos\/#primaryimage\",\"url\":\"https:\/\/dinamicasgrupales.com.ar\/blog\/wp-content\/uploads\/2025\/01\/Las-acciones-individuales-impactan-en-la-vida-de-los-equipos.jpg\",\"contentUrl\":\"https:\/\/dinamicasgrupales.com.ar\/blog\/wp-content\/uploads\/2025\/01\/Las-acciones-individuales-impactan-en-la-vida-de-los-equipos.jpg\",\"width\":920,\"height\":425,\"caption\":\"Las acciones individuales impactan en la vida de los equipos\"},{\"@type\":\"BreadcrumbList\",\"@id\":\"https:\/\/dinamicasgrupales.com.ar\/blog\/las-acciones-individuales-impactan-en-la-vida-de-los-equipos\/#breadcrumb\",\"itemListElement\":[{\"@type\":\"ListItem\",\"position\":1,\"name\":\"Inicio\",\"item\":\"https:\/\/dinamicasgrupales.com.ar\/blog\/\"},{\"@type\":\"ListItem\",\"position\":2,\"name\":\"Las acciones individuales impactan en la vida de los equipos\"}]},{\"@type\":\"WebSite\",\"@id\":\"https:\/\/dinamicasgrupales.com.ar\/blog\/#website\",\"url\":\"https:\/\/dinamicasgrupales.com.ar\/blog\/\",\"name\":\"Dinamicas Grupales Blog\",\"description\":\"LA REVISTA DE DIN\u00c1MICAS GRUPALES\",\"potentialAction\":[{\"@type\":\"SearchAction\",\"target\":{\"@type\":\"EntryPoint\",\"urlTemplate\":\"https:\/\/dinamicasgrupales.com.ar\/blog\/?s={search_term_string}\"},\"query-input\":{\"@type\":\"PropertyValueSpecification\",\"valueRequired\":true,\"valueName\":\"search_term_string\"}}],\"inLanguage\":\"es-AR\"},{\"@type\":\"Person\",\"@id\":\"https:\/\/dinamicasgrupales.com.ar\/blog\/#\/schema\/person\/50bad206d9c3e2265c9b997c2875acce\",\"name\":\"mdonato\",\"image\":{\"@type\":\"ImageObject\",\"inLanguage\":\"es-AR\",\"@id\":\"https:\/\/dinamicasgrupales.com.ar\/blog\/#\/schema\/person\/image\/\",\"url\":\"https:\/\/secure.gravatar.com\/avatar\/35579125e6799d61286d3397babe45eb?s=96&d=mm&r=g\",\"contentUrl\":\"https:\/\/secure.gravatar.com\/avatar\/35579125e6799d61286d3397babe45eb?s=96&d=mm&r=g\",\"caption\":\"mdonato\"},\"sameAs\":[\"https:\/\/dinamicasgrupales.com.ar\/blog\"],\"url\":\"https:\/\/dinamicasgrupales.com.ar\/blog\/author\/mdonato\/\"}]}<\/script>\n<!-- \/ Yoast SEO plugin. -->","yoast_head_json":{"title":"Las acciones individuales impactan en la vida de los equipos - Dinamicas Grupales Blog","description":"Diferentes actividades nos permiten analizar y reflexionar acerca de como las acciones individuales impactan en la vida de los equipos","robots":{"index":"index","follow":"follow","max-snippet":"max-snippet:-1","max-image-preview":"max-image-preview:large","max-video-preview":"max-video-preview:-1"},"canonical":"https:\/\/dinamicasgrupales.com.ar\/blog\/las-acciones-individuales-impactan-en-la-vida-de-los-equipos\/","og_locale":"es_ES","og_type":"article","og_title":"Las acciones individuales impactan en la vida de los equipos - Dinamicas Grupales Blog","og_description":"Diferentes actividades nos permiten analizar y reflexionar acerca de como las acciones individuales impactan en la vida de los equipos","og_url":"https:\/\/dinamicasgrupales.com.ar\/blog\/las-acciones-individuales-impactan-en-la-vida-de-los-equipos\/","og_site_name":"Dinamicas Grupales Blog","article_published_time":"2025-01-06T15:31:11+00:00","article_modified_time":"2025-01-06T15:32:26+00:00","og_image":[{"width":920,"height":425,"url":"https:\/\/dinamicasgrupales.com.ar\/blog\/wp-content\/uploads\/2025\/01\/Las-acciones-individuales-impactan-en-la-vida-de-los-equipos.jpg","type":"image\/jpeg"}],"author":"mdonato","twitter_card":"summary_large_image","twitter_misc":{"Escrito por":"mdonato","Tiempo de lectura":"3 minutos"},"schema":{"@context":"https:\/\/schema.org","@graph":[{"@type":"WebPage","@id":"https:\/\/dinamicasgrupales.com.ar\/blog\/las-acciones-individuales-impactan-en-la-vida-de-los-equipos\/","url":"https:\/\/dinamicasgrupales.com.ar\/blog\/las-acciones-individuales-impactan-en-la-vida-de-los-equipos\/","name":"Las acciones individuales impactan en la vida de los equipos - Dinamicas Grupales Blog","isPartOf":{"@id":"https:\/\/dinamicasgrupales.com.ar\/blog\/#website"},"primaryImageOfPage":{"@id":"https:\/\/dinamicasgrupales.com.ar\/blog\/las-acciones-individuales-impactan-en-la-vida-de-los-equipos\/#primaryimage"},"image":{"@id":"https:\/\/dinamicasgrupales.com.ar\/blog\/las-acciones-individuales-impactan-en-la-vida-de-los-equipos\/#primaryimage"},"thumbnailUrl":"https:\/\/dinamicasgrupales.com.ar\/blog\/wp-content\/uploads\/2025\/01\/Las-acciones-individuales-impactan-en-la-vida-de-los-equipos.jpg","datePublished":"2025-01-06T15:31:11+00:00","dateModified":"2025-01-06T15:32:26+00:00","author":{"@id":"https:\/\/dinamicasgrupales.com.ar\/blog\/#\/schema\/person\/50bad206d9c3e2265c9b997c2875acce"},"description":"Diferentes actividades nos permiten analizar y reflexionar acerca de como las acciones individuales impactan en la vida de los equipos","breadcrumb":{"@id":"https:\/\/dinamicasgrupales.com.ar\/blog\/las-acciones-individuales-impactan-en-la-vida-de-los-equipos\/#breadcrumb"},"inLanguage":"es-AR","potentialAction":[{"@type":"ReadAction","target":["https:\/\/dinamicasgrupales.com.ar\/blog\/las-acciones-individuales-impactan-en-la-vida-de-los-equipos\/"]}]},{"@type":"ImageObject","inLanguage":"es-AR","@id":"https:\/\/dinamicasgrupales.com.ar\/blog\/las-acciones-individuales-impactan-en-la-vida-de-los-equipos\/#primaryimage","url":"https:\/\/dinamicasgrupales.com.ar\/blog\/wp-content\/uploads\/2025\/01\/Las-acciones-individuales-impactan-en-la-vida-de-los-equipos.jpg","contentUrl":"https:\/\/dinamicasgrupales.com.ar\/blog\/wp-content\/uploads\/2025\/01\/Las-acciones-individuales-impactan-en-la-vida-de-los-equipos.jpg","width":920,"height":425,"caption":"Las acciones individuales impactan en la vida de los equipos"},{"@type":"BreadcrumbList","@id":"https:\/\/dinamicasgrupales.com.ar\/blog\/las-acciones-individuales-impactan-en-la-vida-de-los-equipos\/#breadcrumb","itemListElement":[{"@type":"ListItem","position":1,"name":"Inicio","item":"https:\/\/dinamicasgrupales.com.ar\/blog\/"},{"@type":"ListItem","position":2,"name":"Las acciones individuales impactan en la vida de los equipos"}]},{"@type":"WebSite","@id":"https:\/\/dinamicasgrupales.com.ar\/blog\/#website","url":"https:\/\/dinamicasgrupales.com.ar\/blog\/","name":"Dinamicas Grupales Blog","description":"LA REVISTA DE DIN\u00c1MICAS GRUPALES","potentialAction":[{"@type":"SearchAction","target":{"@type":"EntryPoint","urlTemplate":"https:\/\/dinamicasgrupales.com.ar\/blog\/?s={search_term_string}"},"query-input":{"@type":"PropertyValueSpecification","valueRequired":true,"valueName":"search_term_string"}}],"inLanguage":"es-AR"},{"@type":"Person","@id":"https:\/\/dinamicasgrupales.com.ar\/blog\/#\/schema\/person\/50bad206d9c3e2265c9b997c2875acce","name":"mdonato","image":{"@type":"ImageObject","inLanguage":"es-AR","@id":"https:\/\/dinamicasgrupales.com.ar\/blog\/#\/schema\/person\/image\/","url":"https:\/\/secure.gravatar.com\/avatar\/35579125e6799d61286d3397babe45eb?s=96&d=mm&r=g","contentUrl":"https:\/\/secure.gravatar.com\/avatar\/35579125e6799d61286d3397babe45eb?s=96&d=mm&r=g","caption":"mdonato"},"sameAs":["https:\/\/dinamicasgrupales.com.ar\/blog"],"url":"https:\/\/dinamicasgrupales.com.ar\/blog\/author\/mdonato\/"}]}},"_links":{"self":[{"href":"https:\/\/dinamicasgrupales.com.ar\/blog\/wp-json\/wp\/v2\/posts\/154","targetHints":{"allow":["GET"]}}],"collection":[{"href":"https:\/\/dinamicasgrupales.com.ar\/blog\/wp-json\/wp\/v2\/posts"}],"about":[{"href":"https:\/\/dinamicasgrupales.com.ar\/blog\/wp-json\/wp\/v2\/types\/post"}],"author":[{"embeddable":true,"href":"https:\/\/dinamicasgrupales.com.ar\/blog\/wp-json\/wp\/v2\/users\/1"}],"replies":[{"embeddable":true,"href":"https:\/\/dinamicasgrupales.com.ar\/blog\/wp-json\/wp\/v2\/comments?post=154"}],"version-history":[{"count":1,"href":"https:\/\/dinamicasgrupales.com.ar\/blog\/wp-json\/wp\/v2\/posts\/154\/revisions"}],"predecessor-version":[{"id":156,"href":"https:\/\/dinamicasgrupales.com.ar\/blog\/wp-json\/wp\/v2\/posts\/154\/revisions\/156"}],"wp:featuredmedia":[{"embeddable":true,"href":"https:\/\/dinamicasgrupales.com.ar\/blog\/wp-json\/wp\/v2\/media\/155"}],"wp:attachment":[{"href":"https:\/\/dinamicasgrupales.com.ar\/blog\/wp-json\/wp\/v2\/media?parent=154"}],"wp:term":[{"taxonomy":"category","embeddable":true,"href":"https:\/\/dinamicasgrupales.com.ar\/blog\/wp-json\/wp\/v2\/categories?post=154"},{"taxonomy":"post_tag","embeddable":true,"href":"https:\/\/dinamicasgrupales.com.ar\/blog\/wp-json\/wp\/v2\/tags?post=154"}],"curies":[{"name":"wp","href":"https:\/\/api.w.org\/{rel}","templated":true}]}}